{"id":246,"date":"2021-01-14T17:40:13","date_gmt":"2021-01-14T16:40:13","guid":{"rendered":"http:\/\/www.mathilde-billaud.fr\/?p=246"},"modified":"2021-06-03T12:23:42","modified_gmt":"2021-06-03T10:23:42","slug":"toutatrac","status":"publish","type":"post","link":"https:\/\/www.mathilde-billaud.fr\/?p=246","title":{"rendered":"Toutatrac"},"content":{"rendered":"\n<figure class=\"wp-block-image size-large\"><img fetchpriority=\"high\" decoding=\"async\" width=\"1024\" height=\"750\" src=\"http:\/\/www.mathilde-billaud.fr\/wp-content\/uploads\/2021\/01\/toutatrac-1024x750.png\" alt=\"\" class=\"wp-image-248\" srcset=\"https:\/\/www.mathilde-billaud.fr\/wp-content\/uploads\/2021\/01\/toutatrac-1024x750.png 1024w, https:\/\/www.mathilde-billaud.fr\/wp-content\/uploads\/2021\/01\/toutatrac-300x220.png 300w, https:\/\/www.mathilde-billaud.fr\/wp-content\/uploads\/2021\/01\/toutatrac-768x562.png 768w, https:\/\/www.mathilde-billaud.fr\/wp-content\/uploads\/2021\/01\/toutatrac.png 1280w\" sizes=\"(max-width: 1024px) 100vw, 1024px\" \/><\/figure>\n\n\n\n<p>Les meufs de Megacombi d\u00e9cident de r\u00e9inventer la radio \u00e0 partir de la rentr\u00e9e 2019&#8230; Une \u00e9mission tout aussi extraordinaire qu&rsquo;irr\u00e9guli\u00e8re, sur Canut les 2e et 4e jeudi du mois \u00e0 20h.<\/p>\n\n\n\n<p>Pour \u00e9couter les nouvelles et anciennes \u00e9missions c&rsquo;est <a href=\"https:\/\/audioblog.arteradio.com\/blog\/139520\/tout-a-trac\">ici<\/a><\/p>\n","protected":false},"excerpt":{"rendered":"<p>Les meufs de Megacombi d\u00e9cident de r\u00e9inventer la radio \u00e0 partir de la rentr\u00e9e 2019&#8230; Une \u00e9mission tout aussi extraordinaire qu&rsquo;irr\u00e9guli\u00e8re, sur Canut les 2e et 4e jeudi du mois \u00e0 20h. Pour \u00e9couter les nouvelles et anciennes \u00e9missions c&rsquo;est ici<\/p>\n","protected":false},"author":1,"featured_media":248,"comment_status":"closed","ping_status":"open","sticky":false,"template":"","format":"standard","meta":{"footnotes":""},"categories":[6],"tags":[],"_links":{"self":[{"href":"https:\/\/www.mathilde-billaud.fr\/index.php?rest_route=\/wp\/v2\/posts\/246"}],"collection":[{"href":"https:\/\/www.mathilde-billaud.fr\/index.php?rest_route=\/wp\/v2\/posts"}],"about":[{"href":"https:\/\/www.mathilde-billaud.fr\/index.php?rest_route=\/wp\/v2\/types\/post"}],"author":[{"embeddable":true,"href":"https:\/\/www.mathilde-billaud.fr\/index.php?rest_route=\/wp\/v2\/users\/1"}],"replies":[{"embeddable":true,"href":"https:\/\/www.mathilde-billaud.fr\/index.php?rest_route=%2Fwp%2Fv2%2Fcomments&post=246"}],"version-history":[{"count":1,"href":"https:\/\/www.mathilde-billaud.fr\/index.php?rest_route=\/wp\/v2\/posts\/246\/revisions"}],"predecessor-version":[{"id":250,"href":"https:\/\/www.mathilde-billaud.fr\/index.php?rest_route=\/wp\/v2\/posts\/246\/revisions\/250"}],"wp:featuredmedia":[{"embeddable":true,"href":"https:\/\/www.mathilde-billaud.fr\/index.php?rest_route=\/wp\/v2\/media\/248"}],"wp:attachment":[{"href":"https:\/\/www.mathilde-billaud.fr\/index.php?rest_route=%2Fwp%2Fv2%2Fmedia&parent=246"}],"wp:term":[{"taxonomy":"category","embeddable":true,"href":"https:\/\/www.mathilde-billaud.fr\/index.php?rest_route=%2Fwp%2Fv2%2Fcategories&post=246"},{"taxonomy":"post_tag","embeddable":true,"href":"https:\/\/www.mathilde-billaud.fr\/index.php?rest_route=%2Fwp%2Fv2%2Ftags&post=246"}],"curies":[{"name":"wp","href":"https:\/\/api.w.org\/{rel}","templated":true}]}}